{"id":3150,"date":"2020-12-20T20:19:21","date_gmt":"2020-12-20T19:19:21","guid":{"rendered":"https:\/\/platoniaceramics.com\/platonika\/?p=3150"},"modified":"2021-01-14T01:03:53","modified_gmt":"2021-01-14T00:03:53","slug":"cojines-aromaticos","status":"publish","type":"post","link":"https:\/\/platoniaceramics.com\/platonika\/cojines-aromaticos\/","title":{"rendered":"Saquitos arom\u00e1ticos de semillas: osito"},"content":{"rendered":"<p><img loading=\"lazy\" decoding=\"async\" class=\"alignnone size-full wp-image-3151\" src=\"https:\/\/platoniaceramics.com\/platonika\/wp-content\/uploads\/2020\/12\/osito_aromatico.jpg\" alt=\"Osito arom\u00e1tico made in Platonia\" width=\"1200\" height=\"1200\" srcset=\"https:\/\/platoniaceramics.com\/platonika\/wp-content\/uploads\/2020\/12\/osito_aromatico.jpg 1200w, https:\/\/platoniaceramics.com\/platonika\/wp-content\/uploads\/2020\/12\/osito_aromatico-300x300.jpg 300w, https:\/\/platoniaceramics.com\/platonika\/wp-content\/uploads\/2020\/12\/osito_aromatico-716x716.jpg 716w, https:\/\/platoniaceramics.com\/platonika\/wp-content\/uploads\/2020\/12\/osito_aromatico-150x150.jpg 150w, https:\/\/platoniaceramics.com\/platonika\/wp-content\/uploads\/2020\/12\/osito_aromatico-50x50.jpg 50w\" sizes=\"auto, (max-width: 1200px) 100vw, 1200px\" \/><\/p>\n<p>Hace ya alg\u00fan tiempo, surgi\u00f3 la idea con Raquel de <a href=\"http:\/\/abeliaimel.com\">Ab\u00e8lia i Mel<\/a> de hacer unos saquitos t\u00e9rmicos de semillas arom\u00e1ticas. El <a href=\"https:\/\/platoniaceramics.com\/platonika\/y-poco-a-poco\/\">proyecto<\/a> qued\u00f3 en el tintero y, desde entonces, ten\u00eda algunos amiguitos guardados en un caj\u00f3n, esperando a ser acabados. Al fin le ha llegado el turno de cobrar vida a este suave osito plat\u00f3niko relleno de espelta y lavanda, que saldr\u00e1 ma\u00f1ana de viaje hacia su nuevo hogar &#x1f43b;&#x1f49b;<\/p>\n","protected":false},"excerpt":{"rendered":"<p>Hace ya alg\u00fan tiempo, surgi\u00f3 la idea con Raquel de Ab\u00e8lia i Mel de hacer unos saquitos t\u00e9rmicos de semillas arom\u00e1ticas. El proyecto qued\u00f3 en el tintero y, desde entonces, ten\u00eda algunos amiguitos guardados en un caj\u00f3n, esperando a ser acabados. Al fin le ha llegado el turno de cobrar vida a este suave osito [&hellip;]<\/p>\n","protected":false},"author":1,"featured_media":0,"comment_status":"open","ping_status":"open","sticky":false,"template":"","format":"standard","meta":{"_et_pb_use_builder":"","_et_pb_old_content":"","_et_gb_content_width":"","footnotes":""},"categories":[24],"tags":[],"class_list":["post-3150","post","type-post","status-publish","format-standard","hentry","category-mamas-y-peques"],"_links":{"self":[{"href":"https:\/\/platoniaceramics.com\/platonika\/wp-json\/wp\/v2\/posts\/3150","targetHints":{"allow":["GET"]}}],"collection":[{"href":"https:\/\/platoniaceramics.com\/platonika\/wp-json\/wp\/v2\/posts"}],"about":[{"href":"https:\/\/platoniaceramics.com\/platonika\/wp-json\/wp\/v2\/types\/post"}],"author":[{"embeddable":true,"href":"https:\/\/platoniaceramics.com\/platonika\/wp-json\/wp\/v2\/users\/1"}],"replies":[{"embeddable":true,"href":"https:\/\/platoniaceramics.com\/platonika\/wp-json\/wp\/v2\/comments?post=3150"}],"version-history":[{"count":4,"href":"https:\/\/platoniaceramics.com\/platonika\/wp-json\/wp\/v2\/posts\/3150\/revisions"}],"predecessor-version":[{"id":3169,"href":"https:\/\/platoniaceramics.com\/platonika\/wp-json\/wp\/v2\/posts\/3150\/revisions\/3169"}],"wp:attachment":[{"href":"https:\/\/platoniaceramics.com\/platonika\/wp-json\/wp\/v2\/media?parent=3150"}],"wp:term":[{"taxonomy":"category","embeddable":true,"href":"https:\/\/platoniaceramics.com\/platonika\/wp-json\/wp\/v2\/categories?post=3150"},{"taxonomy":"post_tag","embeddable":true,"href":"https:\/\/platoniaceramics.com\/platonika\/wp-json\/wp\/v2\/tags?post=3150"}],"curies":[{"name":"wp","href":"https:\/\/api.w.org\/{rel}","templated":true}]}}